{"id":4027,"date":"2024-04-15T23:27:29","date_gmt":"2024-04-15T21:27:29","guid":{"rendered":"https:\/\/www.gmrcamps.com\/leon\/?p=4027"},"modified":"2025-01-28T23:28:03","modified_gmt":"2025-01-28T22:28:03","slug":"ies-lucia-medrano-de-salamanca-en-gmr-camps","status":"publish","type":"post","link":"https:\/\/www.gmrcamps.com\/leon\/ies-lucia-medrano-de-salamanca-en-gmr-camps\/","title":{"rendered":"IES Luc\u00eda Medrano de Salamanca en GMR Camps"},"content":{"rendered":"\n<p>El Instituto \u00abLuc\u00eda de Medrano\u00bb tiene una historia fascinante que se remonta a su creaci\u00f3n en 1939, como parte de un conjunto de instituciones educativas establecidas en Espa\u00f1a tras la Guerra Civil. Inicialmente, se fund\u00f3 con el objetivo de implementar la separaci\u00f3n de sexos en la educaci\u00f3n, conforme a pol\u00edticas de la \u00e9poca.<\/p>\n\n\n\n<p>El instituto originalmente se ubicaba en el edificio de las Escuelas Menores, en Salamanca, y aunque hist\u00f3ricamente fue predominantemente masculino, en 1885 admiti\u00f3 a su primera alumna. Sin embargo, con el deterioro del edificio, se hizo necesaria una reubicaci\u00f3n temporal en el Noviciado de los Jesuitas. Luego, en 1942, el instituto se traslad\u00f3 al edificio Triling\u00fce, aunque en condiciones muy precarias.<\/p>\n\n\n\n<p><\/p>\n\n\n\n<p>A pesar de las dificultades, el instituto continu\u00f3 su labor educativa, y en 1967 se concret\u00f3 la construcci\u00f3n de un nuevo edificio, tras largas gestiones y negociaciones. Este nuevo edificio marc\u00f3 una nueva era para el instituto, brindando mejores condiciones para el aprendizaje.<\/p>\n\n\n\n<p><\/p>\n\n\n\n<p>El nombre \u00abLuc\u00eda de Medrano\u00bb se propuso en 1943 y fue oficializado por el Ministerio de Educaci\u00f3n Nacional en reconocimiento a la figura de Luisa L\u00f3pez de Medrano y Bravo de Lagunas Cienfuegos, una destacada intelectual del Renacimiento espa\u00f1ol. Luc\u00eda de Medrano fue una \u00abDocta Puella\u00bb que floreci\u00f3 en la Espa\u00f1a del siglo XV y XVI, contribuyendo al estudio de las lenguas cl\u00e1sicas y la cultura humanista. Aunque su vida est\u00e1 parcialmente documentada por autores de la \u00e9poca, como Lucio Marineo S\u00edculo, se reconoce su importante legado en el \u00e1mbito acad\u00e9mico.<\/p>\n\n\n\n<p><\/p>\n\n\n\n<p>Luc\u00eda Medrano&nbsp;fue una&nbsp;latinista&nbsp;espa\u00f1ola.1\u200b Pudo llegar a dictar alguna lecci\u00f3n de c\u00e1nones en la&nbsp;Universidad de Salamanca, desarrollando en cualquier caso actividades de las que las mujeres estaban excluidas en la Europa renacentista.&nbsp;Naci\u00f3 en&nbsp;Atienza&nbsp;(Guadalajara). Fue hija de Diego L\u00f3pez de Medrano y de Magdalena Bravo de Lagunas. Su abuelo apoy\u00f3 a la reina&nbsp;Isabel&nbsp;contra&nbsp;Enrique IV.&nbsp;Padre y abuelo murieron luchando en&nbsp;Granada. Agradecida, la reina se hizo cargo de su viuda y de la educaci\u00f3n de sus hijos.<\/p>\n\n\n\n<p><\/p>\n\n\n\n<p>La designaci\u00f3n del instituto con el nombre de Luc\u00eda de Medrano refleja la intenci\u00f3n de inspirar a los alumnos hacia la excelencia acad\u00e9mica y honrar la figura de esta destacada fil\u00f3loga renacentista espa\u00f1ola. Su historia y legado contin\u00faan siendo parte integral de la identidad y el esp\u00edritu educativo del IES \u00abLuc\u00eda de Medrano\u00bb.<\/p>\n\n\n\n<p>Esta semana los alumnos de 3\u00ba de la ESO, realizar\u00e1n en GMR Camps un programa de inmersi\u00f3n en ingl\u00e9s. Esperamos que estos d\u00edas sean una experiencia para crecer en autonom\u00eda y sociabilidad a la vez que mejoran el idioma.<\/p>\n\n\n\n<p><\/p>\n\n\n\n<p>Si t\u00fa tambi\u00e9n est\u00e1s interesado en realizar un programa de este tipo, puedes llamarnos al 915489192 o enviarnos un email a camps@mundoenred.com<\/p>\n\n\n\n<p>Visita nuestra web&nbsp;<a href=\"https:\/\/www.gmrcamps.es\/colegios\/programas\">www.gmrcamps.es<\/a><\/p>\n\n\n\n<p><\/p>\n\n\n\n<figure class=\"wp-block-image\"><img decoding=\"async\" src=\"https:\/\/www.mundoenred.com\/img\/news\/picture_15704.jpg\" alt=\"\"\/><\/figure>\n","protected":false},"excerpt":{"rendered":"<p>El Instituto \u00abLuc\u00eda de Medrano\u00bb tiene una historia fascinante que se remonta a su creaci\u00f3n en 1939, como parte de un conjunto de instituciones educativas establecidas en Espa\u00f1a tras la Guerra Civil. Inicialmente, se fund\u00f3 con el objetivo de implementar la separaci\u00f3n de sexos en la educaci\u00f3n, conforme a pol\u00edticas de la \u00e9poca. El instituto [&hellip;]<\/p>\n","protected":false},"author":2,"featured_media":4028,"comment_status":"open","ping_status":"open","sticky":false,"template":"","format":"standard","meta":{"footnotes":""},"categories":[50,52],"tags":[],"class_list":["post-4027","post","type-post","status-publish","format-standard","has-post-thumbnail","hentry","category-excursionescolegios","category-inmersionescolegios"],"aioseo_notices":[],"featured_image_src":{"landsacpe":["https:\/\/www.gmrcamps.com\/leon\/wp-content\/uploads\/2025\/01\/IES-Lucia-Medrano-de-Salamanca-en-GMR-Camps-1140x445.jpg",1140,445,true],"list":["https:\/\/www.gmrcamps.com\/leon\/wp-content\/uploads\/2025\/01\/IES-Lucia-Medrano-de-Salamanca-en-GMR-Camps-463x348.jpg",463,348,true],"medium":["https:\/\/www.gmrcamps.com\/leon\/wp-content\/uploads\/2025\/01\/IES-Lucia-Medrano-de-Salamanca-en-GMR-Camps-300x213.jpg",300,213,true],"full":["https:\/\/www.gmrcamps.com\/leon\/wp-content\/uploads\/2025\/01\/IES-Lucia-Medrano-de-Salamanca-en-GMR-Camps.jpg",1600,1135,false]},"_links":{"self":[{"href":"https:\/\/www.gmrcamps.com\/leon\/wp-json\/wp\/v2\/posts\/4027","targetHints":{"allow":["GET"]}}],"collection":[{"href":"https:\/\/www.gmrcamps.com\/leon\/wp-json\/wp\/v2\/posts"}],"about":[{"href":"https:\/\/www.gmrcamps.com\/leon\/wp-json\/wp\/v2\/types\/post"}],"author":[{"embeddable":true,"href":"https:\/\/www.gmrcamps.com\/leon\/wp-json\/wp\/v2\/users\/2"}],"replies":[{"embeddable":true,"href":"https:\/\/www.gmrcamps.com\/leon\/wp-json\/wp\/v2\/comments?post=4027"}],"version-history":[{"count":1,"href":"https:\/\/www.gmrcamps.com\/leon\/wp-json\/wp\/v2\/posts\/4027\/revisions"}],"predecessor-version":[{"id":4029,"href":"https:\/\/www.gmrcamps.com\/leon\/wp-json\/wp\/v2\/posts\/4027\/revisions\/4029"}],"wp:featuredmedia":[{"embeddable":true,"href":"https:\/\/www.gmrcamps.com\/leon\/wp-json\/wp\/v2\/media\/4028"}],"wp:attachment":[{"href":"https:\/\/www.gmrcamps.com\/leon\/wp-json\/wp\/v2\/media?parent=4027"}],"wp:term":[{"taxonomy":"category","embeddable":true,"href":"https:\/\/www.gmrcamps.com\/leon\/wp-json\/wp\/v2\/categories?post=4027"},{"taxonomy":"post_tag","embeddable":true,"href":"https:\/\/www.gmrcamps.com\/leon\/wp-json\/wp\/v2\/tags?post=4027"}],"curies":[{"name":"wp","href":"https:\/\/api.w.org\/{rel}","templated":true}]}}