{"id":4040,"date":"2024-04-28T23:34:13","date_gmt":"2024-04-28T21:34:13","guid":{"rendered":"https:\/\/www.gmrcamps.com\/leon\/?p=4040"},"modified":"2025-01-28T23:34:34","modified_gmt":"2025-01-28T22:34:34","slug":"en-gmr-camps-el-ies-alfonso-ii-oviedo-as","status":"publish","type":"post","link":"https:\/\/www.gmrcamps.com\/leon\/en-gmr-camps-el-ies-alfonso-ii-oviedo-as\/","title":{"rendered":"En GMR Camps el IES Alfonso II, Oviedo (AS)"},"content":{"rendered":"\n<p>Esta semana, tenemos al estupendo IES de Oviedo, IES Alfonso II. \u00bfQuer\u00e9is saber algo de su historia?<\/p>\n\n\n\n<p>La historia del Instituto Alfonso II es ciertamente una de continuidad a trav\u00e9s de m\u00faltiples ubicaciones f\u00edsicas, pero tambi\u00e9n de dedicaci\u00f3n constante a la educaci\u00f3n a lo largo de los a\u00f1os. Desde sus humildes comienzos como un instituto afiliado a la Universidad en 1845, hasta su establecimiento en su sede actual en 1939, el instituto ha experimentado varios traslados, cada uno marcando una nueva etapa en su desarrollo.<\/p>\n\n\n\n<p><\/p>\n\n\n\n<p>A pesar de los desaf\u00edos que pudieron surgir durante eventos como la Revoluci\u00f3n de Asturias en 1934, donde el instituto sufri\u00f3 da\u00f1os y tuvo que ser trasladado temporalmente, la instituci\u00f3n ha demostrado una resistencia notable y un compromiso inquebrantable con la educaci\u00f3n.<\/p>\n\n\n\n<p><\/p>\n\n\n\n<p>El crecimiento f\u00edsico del instituto tambi\u00e9n es evidente con la expansi\u00f3n de su edificio a lo largo de los a\u00f1os, con la construcci\u00f3n del \u00abPabell\u00f3n Nuevo\u00bb en 1967 y la adici\u00f3n de un polideportivo en 1971, lo que refleja una adaptaci\u00f3n continua a las necesidades cambiantes de la comunidad educativa.<\/p>\n\n\n\n<p><\/p>\n\n\n\n<p>Adem\u00e1s, la transici\u00f3n a un instituto mixto en 1981 refleja la evoluci\u00f3n de las pol\u00edticas educativas y la inclusi\u00f3n de g\u00e9nero en la educaci\u00f3n.<\/p>\n\n\n\n<p><\/p>\n\n\n\n<p>Finalmente, el cambio de denominaci\u00f3n a Instituto de Ense\u00f1anza Secundaria (I.E.S.) Alfonso II con la implementaci\u00f3n de la Ley Org\u00e1nica de Ordenaci\u00f3n General del Sistema Educativo (LOGSE) en 1995-1996 se\u00f1ala su adaptaci\u00f3n a las reformas educativas y su continuo compromiso con la excelencia acad\u00e9mica.<\/p>\n\n\n\n<p>En resumen, la historia del Instituto Alfonso II es una historia de resiliencia, adaptaci\u00f3n y dedicaci\u00f3n a la educaci\u00f3n a lo largo de los siglos, marcada por m\u00faltiples traslados f\u00edsicos pero con un constante af\u00e1n por seguir educando a las generaciones venideras.<\/p>\n\n\n\n<p>Si tu colegio tambi\u00e9n est\u00e1 interesado en realizar una excursi\u00f3n pod\u00e9is poneros en contacto con GMR Camps escribiendo a camps@mundoenred.com o llamar al 915489192<\/p>\n\n\n\n<p><\/p>\n\n\n\n<figure class=\"wp-block-image\"><img decoding=\"async\" src=\"https:\/\/www.mundoenred.com\/img\/news\/picture_15659.jpg\" alt=\"\"\/><\/figure>\n","protected":false},"excerpt":{"rendered":"<p>Esta semana, tenemos al estupendo IES de Oviedo, IES Alfonso II. \u00bfQuer\u00e9is saber algo de su historia? La historia del Instituto Alfonso II es ciertamente una de continuidad a trav\u00e9s de m\u00faltiples ubicaciones f\u00edsicas, pero tambi\u00e9n de dedicaci\u00f3n constante a la educaci\u00f3n a lo largo de los a\u00f1os. Desde sus humildes comienzos como un instituto [&hellip;]<\/p>\n","protected":false},"author":2,"featured_media":4041,"comment_status":"open","ping_status":"open","sticky":false,"template":"","format":"standard","meta":{"footnotes":""},"categories":[50,52],"tags":[],"class_list":["post-4040","post","type-post","status-publish","format-standard","has-post-thumbnail","hentry","category-excursionescolegios","category-inmersionescolegios"],"aioseo_notices":[],"featured_image_src":{"landsacpe":["https:\/\/www.gmrcamps.com\/leon\/wp-content\/uploads\/2025\/01\/En-GMR-Camps-el-IES-Alfonso-II-Oviedo-AS-1140x445.jpg",1140,445,true],"list":["https:\/\/www.gmrcamps.com\/leon\/wp-content\/uploads\/2025\/01\/En-GMR-Camps-el-IES-Alfonso-II-Oviedo-AS-463x348.jpg",463,348,true],"medium":["https:\/\/www.gmrcamps.com\/leon\/wp-content\/uploads\/2025\/01\/En-GMR-Camps-el-IES-Alfonso-II-Oviedo-AS-300x213.jpg",300,213,true],"full":["https:\/\/www.gmrcamps.com\/leon\/wp-content\/uploads\/2025\/01\/En-GMR-Camps-el-IES-Alfonso-II-Oviedo-AS.jpg",1600,1135,false]},"_links":{"self":[{"href":"https:\/\/www.gmrcamps.com\/leon\/wp-json\/wp\/v2\/posts\/4040","targetHints":{"allow":["GET"]}}],"collection":[{"href":"https:\/\/www.gmrcamps.com\/leon\/wp-json\/wp\/v2\/posts"}],"about":[{"href":"https:\/\/www.gmrcamps.com\/leon\/wp-json\/wp\/v2\/types\/post"}],"author":[{"embeddable":true,"href":"https:\/\/www.gmrcamps.com\/leon\/wp-json\/wp\/v2\/users\/2"}],"replies":[{"embeddable":true,"href":"https:\/\/www.gmrcamps.com\/leon\/wp-json\/wp\/v2\/comments?post=4040"}],"version-history":[{"count":1,"href":"https:\/\/www.gmrcamps.com\/leon\/wp-json\/wp\/v2\/posts\/4040\/revisions"}],"predecessor-version":[{"id":4042,"href":"https:\/\/www.gmrcamps.com\/leon\/wp-json\/wp\/v2\/posts\/4040\/revisions\/4042"}],"wp:featuredmedia":[{"embeddable":true,"href":"https:\/\/www.gmrcamps.com\/leon\/wp-json\/wp\/v2\/media\/4041"}],"wp:attachment":[{"href":"https:\/\/www.gmrcamps.com\/leon\/wp-json\/wp\/v2\/media?parent=4040"}],"wp:term":[{"taxonomy":"category","embeddable":true,"href":"https:\/\/www.gmrcamps.com\/leon\/wp-json\/wp\/v2\/categories?post=4040"},{"taxonomy":"post_tag","embeddable":true,"href":"https:\/\/www.gmrcamps.com\/leon\/wp-json\/wp\/v2\/tags?post=4040"}],"curies":[{"name":"wp","href":"https:\/\/api.w.org\/{rel}","templated":true}]}}