{"id":5073,"date":"2025-10-22T08:17:27","date_gmt":"2025-10-22T06:17:27","guid":{"rendered":"https:\/\/www.gmrcamps.com\/leon\/?p=5073"},"modified":"2025-10-25T11:55:05","modified_gmt":"2025-10-25T09:55:05","slug":"en-gmr-camps-el-cra-cuenca-del-najerilla","status":"publish","type":"post","link":"https:\/\/www.gmrcamps.com\/leon\/en-gmr-camps-el-cra-cuenca-del-najerilla\/","title":{"rendered":"En GMR Camps el CRA Cuenca del Najerilla"},"content":{"rendered":"\n<p>Esta semana realizan un Programa de inmersi\u00f3n del MEFPD en<a href=\"http:\/\/www.gmrcamps.com\" title=\" GMR Camps\"> GMR Camps<\/a> el <strong>CRA Cuenca del Najerill<\/strong>a (Colegio Rural Agrupado- agrupa varios municipios con peque\u00f1as escuelas bajo una direcci\u00f3n com\u00fan, manteniendo la escolarizaci\u00f3n local)<\/p>\n\n\n\n<p><br>La Cuenca del Najerilla es un territorio que articula paisaje, historia y comunidad en la zona noroccidental de La Rioja. En ese entorno se inserta el <strong>CRA Cuenca del Najerilla<\/strong>, un Colegio Rural Agrupado que da servicio educativo a varios municipios de la zona. Conocer las particularidades del territorio ayuda a valorar el reto y las fortalezas de la educaci\u00f3n rural en esa cuenca.<\/p>\n\n\n\n<p><\/p>\n\n\n\n<p>El <strong>CRA Cuenca del Najerilla<\/strong> est\u00e1 compuesto por <strong>7 centros<\/strong> ubicados en distintos pueblos de esa cuenca, Alesanco, Arenzana de Abajo, Camprov\u00edn, Hormilla, Hu\u00e9rcanos, Tricio y Uru\u00f1uela. La sede administrativa (equipo directivo y secretar\u00eda) se encuentra en <strong>Uru\u00f1uela<\/strong>.<\/p>\n\n\n\n<p><\/p>\n\n\n\n<p>Las comunidades locales conservan su escuela, a pesar de la dispersi\u00f3n y los desaf\u00edos demogr\u00e1ficos y los entornos naturales cercanos ofrecen m\u00faltiples oportunidades educativas (medio ambiente, patrimonio,  dentidad local&#8230;).<\/p>\n\n\n\n<p><br> SI EST\u00c1S INTERESADO EN:<\/p>\n\n\n\n<ul class=\"wp-block-list\">\n<li><strong>Excursi\u00f3n Escolar<\/strong> (con o sin Inmersi\u00f3n en ingl\u00e9s), inf\u00f3rmate en <strong><a href=\"https:\/\/www.gmrcamps.com\/leon\/excursiones\/\" title=\"\">www.gmrcamps.com\/leon\/excursiones\/<\/a><\/strong><\/li>\n\n\n\n<li><strong>Campamentos de verano en ingl\u00e9s &#8211; 2026<\/strong> (de 6 a 16 a\u00f1os), inf\u00f3rmate en <a href=\"https:\/\/www.gmrcamps.com\/leon\/campamentos\/\" title=\"\"><strong>www.gmrcamps.com\/leon\/campamentos\/<\/strong><\/a><\/li>\n\n\n\n<li><strong>Curso Escolar en IRLANDA<\/strong>, inf\u00f3rmate en<a href=\"http:\/\/www.gmrcursoescolar.com\/es\">&nbsp;<strong>www.gmrcursoescolar.com\/es<\/strong><\/a><br><\/li>\n<\/ul>\n\n\n\n<p> Escr\u00edbenos a <em><strong>camps@mundoenred.com<\/strong><\/em>  o llama al <strong>915489192&nbsp;<\/strong><\/p>\n\n\n\n<p><em>Tenemos propuestas muy interesantes para ti<\/em><\/p>\n\n\n\n<p><\/p>\n\n\n\n<figure class=\"wp-block-image size-large\"><img loading=\"lazy\" decoding=\"async\" width=\"1024\" height=\"726\" src=\"https:\/\/www.gmrcamps.com\/leon\/wp-content\/uploads\/2025\/10\/gmr-cuenca-del-najerilla-1024x726.jpg\" alt=\"\" class=\"wp-image-5074\" srcset=\"https:\/\/www.gmrcamps.com\/leon\/wp-content\/uploads\/2025\/10\/gmr-cuenca-del-najerilla-1024x726.jpg 1024w, https:\/\/www.gmrcamps.com\/leon\/wp-content\/uploads\/2025\/10\/gmr-cuenca-del-najerilla-768x545.jpg 768w, https:\/\/www.gmrcamps.com\/leon\/wp-content\/uploads\/2025\/10\/gmr-cuenca-del-najerilla-640x454.jpg 640w, https:\/\/www.gmrcamps.com\/leon\/wp-content\/uploads\/2025\/10\/gmr-cuenca-del-najerilla-400x284.jpg 400w, https:\/\/www.gmrcamps.com\/leon\/wp-content\/uploads\/2025\/10\/gmr-cuenca-del-najerilla-367x260.jpg 367w\" sizes=\"auto, (max-width: 1024px) 100vw, 1024px\" \/><\/figure>\n","protected":false},"excerpt":{"rendered":"<p>Esta semana realizan un Programa de inmersi\u00f3n del MEFPD en GMR Camps el CRA Cuenca del Najerilla (Colegio Rural Agrupado- agrupa varios municipios con peque\u00f1as escuelas bajo una direcci\u00f3n com\u00fan, manteniendo la escolarizaci\u00f3n local) La Cuenca del Najerilla es un territorio que articula paisaje, historia y comunidad en la zona noroccidental de La Rioja. En [&hellip;]<\/p>\n","protected":false},"author":2,"featured_media":5075,"comment_status":"open","ping_status":"open","sticky":false,"template":"","format":"standard","meta":{"footnotes":""},"categories":[51],"tags":[55,56,81,80,70],"class_list":["post-5073","post","type-post","status-publish","format-standard","has-post-thumbnail","hentry","category-inmersionesmefpd","tag-colegios","tag-excursiones","tag-gmrcamps","tag-inmersion-en-ingles","tag-mefpd"],"aioseo_notices":[],"featured_image_src":{"landsacpe":["https:\/\/www.gmrcamps.com\/leon\/wp-content\/uploads\/2025\/10\/gmr-cuenca-del-najerilla-2-1140x445.jpg",1140,445,true],"list":["https:\/\/www.gmrcamps.com\/leon\/wp-content\/uploads\/2025\/10\/gmr-cuenca-del-najerilla-2-463x348.jpg",463,348,true],"medium":["https:\/\/www.gmrcamps.com\/leon\/wp-content\/uploads\/2025\/10\/gmr-cuenca-del-najerilla-2-300x117.jpg",300,117,true],"full":["https:\/\/www.gmrcamps.com\/leon\/wp-content\/uploads\/2025\/10\/gmr-cuenca-del-najerilla-2.jpg",1440,560,false]},"_links":{"self":[{"href":"https:\/\/www.gmrcamps.com\/leon\/wp-json\/wp\/v2\/posts\/5073","targetHints":{"allow":["GET"]}}],"collection":[{"href":"https:\/\/www.gmrcamps.com\/leon\/wp-json\/wp\/v2\/posts"}],"about":[{"href":"https:\/\/www.gmrcamps.com\/leon\/wp-json\/wp\/v2\/types\/post"}],"author":[{"embeddable":true,"href":"https:\/\/www.gmrcamps.com\/leon\/wp-json\/wp\/v2\/users\/2"}],"replies":[{"embeddable":true,"href":"https:\/\/www.gmrcamps.com\/leon\/wp-json\/wp\/v2\/comments?post=5073"}],"version-history":[{"count":2,"href":"https:\/\/www.gmrcamps.com\/leon\/wp-json\/wp\/v2\/posts\/5073\/revisions"}],"predecessor-version":[{"id":5081,"href":"https:\/\/www.gmrcamps.com\/leon\/wp-json\/wp\/v2\/posts\/5073\/revisions\/5081"}],"wp:featuredmedia":[{"embeddable":true,"href":"https:\/\/www.gmrcamps.com\/leon\/wp-json\/wp\/v2\/media\/5075"}],"wp:attachment":[{"href":"https:\/\/www.gmrcamps.com\/leon\/wp-json\/wp\/v2\/media?parent=5073"}],"wp:term":[{"taxonomy":"category","embeddable":true,"href":"https:\/\/www.gmrcamps.com\/leon\/wp-json\/wp\/v2\/categories?post=5073"},{"taxonomy":"post_tag","embeddable":true,"href":"https:\/\/www.gmrcamps.com\/leon\/wp-json\/wp\/v2\/tags?post=5073"}],"curies":[{"name":"wp","href":"https:\/\/api.w.org\/{rel}","templated":true}]}}